{"id":77,"__str__":"Vereador Valdemir Ant\u00f4nio Marini - Membro Efetivo - Em defesa da Sa\u00fade de Bento Gon\u00e7alves","metadata":{},"data_entrada":"2017-01-23","data_saida":null,"frente":8,"parlamentar":49,"cargo":1}