{"id":68,"__str__":"Vereador Sidinei da Silva - Membro Efetivo - Para tratar da Fun\u00e7\u00e3o Social das Igrejas nos Pres\u00eddios","metadata":{},"data_entrada":"2017-04-11","data_saida":null,"frente":5,"parlamentar":53,"cargo":1}