{"id":389,"__str__":"Vereador Paulo Souto - Membro Efetivo - Frente Parlamentar pela ativa\u00e7\u00e3o e funcionamento do Hospital P\u00fablico Municipal","metadata":{},"data_entrada":"2025-06-17","data_saida":"2025-12-31","frente":55,"parlamentar":265,"cargo":1}