{"id":353,"__str__":"Vereador Jos\u00e9 Ant\u00f4nio Gava - Membro Efetivo - Frente Parlamentar pela revitaliza\u00e7\u00e3o do Lago da Fasolo.","metadata":{},"data_entrada":"2025-02-12","data_saida":"2025-12-31","frente":49,"parlamentar":247,"cargo":1}