{"id":299,"__str__":"Vereador Valdemir Ant\u00f4nio Marini - Membro Efetivo - Frente Parlamentar em apoio \u00e0s Associa\u00e7\u00f5es de Moradores e Assuntos Comunit\u00e1rios","metadata":{},"data_entrada":"2024-03-13","data_saida":"2024-12-31","frente":41,"parlamentar":49,"cargo":1}