{"id":245,"__str__":"Vereador Valdemir Ant\u00f4nio Marini - Membro Efetivo - Frente Parlamentar em Apoio as Associa\u00e7\u00f5es de Moradores e Assuntos Comunit\u00e1rios","metadata":{},"data_entrada":"2023-03-31","data_saida":null,"frente":32,"parlamentar":49,"cargo":1}