{"id":2,"__str__":"Vereador Idasir - Membro Efetivo - Frente Parlamentar da Ilumina\u00e7\u00e3o P\u00fablica.","metadata":{},"data_entrada":"2018-04-17","data_saida":null,"frente":13,"parlamentar":59,"cargo":1}