{"id":115,"__str__":"Vereador Valdemir Ant\u00f4nio Marini - Membro Efetivo - Frente Parlamentar em Defesa da Sa\u00fade de Bento Gon\u00e7alves","metadata":{},"data_entrada":"2019-02-11","data_saida":null,"frente":15,"parlamentar":49,"cargo":1}