{"id":8,"__str__":"Em defesa da Sa\u00fade de Bento Gon\u00e7alves","metadata":{},"nome":"Em defesa da Sa\u00fade de Bento Gon\u00e7alves","descricao":"FRENTE PARLAMENTAR EXTINTA CONFORME \u00a7 2\u00ba DO ARTIGO 72 DO RI. \r\nhttp://sapl.camarabento.rs.gov.br/media/sapl/public/normajuridica/2017/18736/18736_texto_integral.pdf","data_criacao":"2017-01-23","data_extincao":"2017-12-31"}