{"id":5,"__str__":"Para tratar da Fun\u00e7\u00e3o Social das Igrejas nos Pres\u00eddios","metadata":{},"nome":"Para tratar da Fun\u00e7\u00e3o Social das Igrejas nos Pres\u00eddios","descricao":"FRENTE PARLAMENTAR EXTINTA CONFORME \u00a7 2\u00ba DO ARTIGO 72 DO RI. \r\nhttp://sapl.camarabento.rs.gov.br/media/sapl/public/normajuridica/2017/18872/18872_texto_integral.pdf","data_criacao":"2017-04-11","data_extincao":"2017-12-31"}