{"id":49,"__str__":"Frente Parlamentar pela revitaliza\u00e7\u00e3o do Lago da Fasolo.","metadata":{},"nome":"Frente Parlamentar pela revitaliza\u00e7\u00e3o do Lago da Fasolo.","descricao":"https://sapl.camarabento.rs.gov.br/norma/23632","data_criacao":"2025-02-12","data_extincao":"2025-12-31"}