{"id":15,"__str__":"Frente Parlamentar em Defesa da Sa\u00fade de Bento Gon\u00e7alves","metadata":{},"nome":"Frente Parlamentar em Defesa da Sa\u00fade de Bento Gon\u00e7alves","descricao":"RESOLU\u00c7\u00c3O n\u00ba 257 de 11 de Fevereiro de 2019\r\nhttp://sapl.camarabento.rs.gov.br/norma/20085","data_criacao":"2019-02-11","data_extincao":"2019-12-31"}