{"id":13,"__str__":"Frente Parlamentar da Ilumina\u00e7\u00e3o P\u00fablica.","metadata":{},"nome":"Frente Parlamentar da Ilumina\u00e7\u00e3o P\u00fablica.","descricao":"http://sapl.camarabento.rs.gov.br/media/sapl/public/normajuridica/2018/19470/res_2018_241.pdf","data_criacao":"2018-04-17","data_extincao":"2018-12-31"}