{"id":37475,"__str__":"Emenda n\u00ba 28 de 2017 | Proposi\u00e7\u00e3o retirada pelo autor | 19/09/2017","metadata":{},"timestamp":"2018-09-18T09:45:12.079338-03:00","data_tramitacao":"2017-09-19","data_encaminhamento":null,"urgente":false,"turno":"","texto":"PROPOSI\u00c7\u00c3O RETIRADA, EM PLEN\u00c1RIO, PELO AUTOR.","data_fim_prazo":null,"ip":"","ultima_edicao":null,"status":4,"materia":15055,"unidade_tramitacao_local":30,"unidade_tramitacao_destino":11,"user":null}