{"id":32443,"__str__":"Projeto de Resolu\u00e7\u00e3o n\u00ba 3 de 2017 | Proposi\u00e7\u00e3o para discuss\u00e3o em Plen\u00e1rio | 09/03/2017","metadata":{},"timestamp":"2018-09-18T09:45:12.079338-03:00","data_tramitacao":"2017-03-09","data_encaminhamento":null,"urgente":false,"turno":"","texto":"CONFORME \u00a72\u00ba DO ART. 146 DO RI, PARA DISCUSS\u00c3O EM PLEN\u00c1RIO NAS SESS\u00d5ES ORDIN\u00c1RIAS DOS DIAS 13 E 15 DE MAR\u00c7O.","data_fim_prazo":null,"ip":"","ultima_edicao":null,"status":72,"materia":13054,"unidade_tramitacao_local":11,"unidade_tramitacao_destino":30,"user":null}