{"id":3939,"__str__":"Indica\u00e7\u00e3o n\u00ba 172 de 2013","metadata":{},"numero":172,"ano":2013,"numero_protocolo":942,"data_apresentacao":"2013-03-20","tipo_apresentacao":"E","data_publicacao":null,"numero_origem_externa":"","ano_origem_externa":null,"data_origem_externa":null,"apelido":"","dias_prazo":null,"data_fim_prazo":null,"em_tramitacao":false,"polemica":false,"objeto":"","complementar":false,"ementa":"SOLICITA AO PODER EXECUTIVO MUNICIPAL, ATRAV\u00c9S DA SECRETARIA MUNICIPAL GEST\u00c3O INTEGRADA E MOBILIDADE URBANA, A COLOCA\u00c7\u00c3O DE UM BRA\u00c7O COM LUMIN\u00c1RIA NA RUA IDELFONSO SIM\u00d5ES LOPES, N\u00daMERO 133, ESQUINA COM A RUA BRAS\u00cdLIA, NO BAIRRO BOTAFOGO.","indexacao":"","observacao":"","resultado":"","texto_original":"http://sapl.camarabento.rs.gov.br/media/sapl/public/materialegislativa/2013/3939/3939_texto_integral.pdf","data_ultima_atualizacao":"2017-07-19T16:54:12.319230-03:00","ip":"","ultima_edicao":null,"tipo":8,"regime_tramitacao":2,"tipo_origem_externa":null,"local_origem_externa":null,"user":null,"anexadas":[],"autores":[64]}