{"id":33449,"__str__":"Indica\u00e7\u00e3o n\u00ba 895 de 2025","metadata":{},"numero":895,"ano":2025,"numero_protocolo":1424,"data_apresentacao":"2025-07-24","tipo_apresentacao":"","data_publicacao":null,"numero_origem_externa":"","ano_origem_externa":null,"data_origem_externa":null,"apelido":"","dias_prazo":null,"data_fim_prazo":null,"em_tramitacao":false,"polemica":false,"objeto":"","complementar":false,"ementa":"Requer-se ao Poder Executivo Municipal, por meio da Secretaria de Gest\u00e3o Integrada e Mobilidade Urbana \u2013 SEGIMU, a substitui\u00e7\u00e3o da l\u00e2mpada localizada na rua Ernesto Celso, n\u00ba 8, no bairro F\u00e1tima.","indexacao":"","observacao":"","resultado":"","texto_original":"http://sapl.camarabento.rs.gov.br/media/sapl/public/materialegislativa/2025/33449/cmbgind202500895a.pdf","data_ultima_atualizacao":"2025-07-24T13:10:45.928080-03:00","ip":"192.168.1.101","ultima_edicao":"2025-07-24T13:10:15.226202-03:00","tipo":8,"regime_tramitacao":2,"tipo_origem_externa":null,"local_origem_externa":null,"user":67,"anexadas":[],"autores":[4]}