{"id":30331,"__str__":"Pedido de Informa\u00e7\u00f5es n\u00ba 3 de 2024","metadata":{},"numero":3,"ano":2024,"numero_protocolo":76,"data_apresentacao":"2024-01-23","tipo_apresentacao":"","data_publicacao":null,"numero_origem_externa":"","ano_origem_externa":null,"data_origem_externa":null,"apelido":"","dias_prazo":null,"data_fim_prazo":null,"em_tramitacao":false,"polemica":false,"objeto":"","complementar":false,"ementa":"O Vereador abaixo subscrito solicita \u00e0 Funda\u00e7\u00e3o Estadual de Prote\u00e7\u00e3o Ambiental do Rio Grande do Sul \u2013 FEPAM/RS, por meio da Secretaria Municipal do Meio Ambiente e Infraestrutura, esclarecimentos sobre a renova\u00e7\u00e3o do Conv\u00eanio da Mata Atl\u00e2ntica viabilizado pela promulga\u00e7\u00e3o do Decreto Municipal N\u00b0 12.212/2024.","indexacao":"","observacao":"","resultado":"","texto_original":"http://sapl.camarabento.rs.gov.br/media/sapl/public/materialegislativa/2024/30331/cmbgpin202400003a.pdf","data_ultima_atualizacao":"2024-02-07T09:47:08.574329-03:00","ip":"192.168.1.146","ultima_edicao":"2024-01-23T09:21:57.378414-03:00","tipo":12,"regime_tramitacao":2,"tipo_origem_externa":null,"local_origem_externa":null,"user":67,"anexadas":[],"autores":[91]}