{"id":25896,"__str__":"Indica\u00e7\u00e3o n\u00ba 704 de 2021","metadata":{},"numero":704,"ano":2021,"numero_protocolo":1116,"data_apresentacao":"2021-08-13","tipo_apresentacao":"","data_publicacao":null,"numero_origem_externa":"","ano_origem_externa":null,"data_origem_externa":null,"apelido":"","dias_prazo":null,"data_fim_prazo":null,"em_tramitacao":false,"polemica":false,"objeto":"","complementar":false,"ementa":"O VEREADOR QUE A ESTA SUBSCREVE INDICA AO PODER EXECUTIVO MUNICIPAL, POR MEIO DA SECRETARIA DE GEST\u00c3O INTEGRADA E MOBILIDADE URBANA, A POSSIBILIDADE DE UM ESTUDO T\u00c9CNICO DE VIABILIDADE PARA A COLOCA\u00c7\u00c3O DE CICLO FAIXAS NA RUA PRESIDENTE COSTA E SILVA, LOCALIZADA NO BAIRRO PLANALTO.","indexacao":"","observacao":"","resultado":"","texto_original":"http://sapl.camarabento.rs.gov.br/media/sapl/public/materialegislativa/2021/25896/ind_2021_704.pdf","data_ultima_atualizacao":"2021-08-17T08:43:59.857030-03:00","ip":"192.168.1.100","ultima_edicao":"2021-08-13T08:56:42.756477-03:00","tipo":8,"regime_tramitacao":2,"tipo_origem_externa":null,"local_origem_externa":null,"user":69,"anexadas":[],"autores":[337]}