{"id":25007,"__str__":"Projeto de Lei Ordin\u00e1ria n\u00ba 3 de 2021","metadata":{},"numero":3,"ano":2021,"numero_protocolo":85,"data_apresentacao":"2021-02-03","tipo_apresentacao":"","data_publicacao":null,"numero_origem_externa":"","ano_origem_externa":null,"data_origem_externa":null,"apelido":"","dias_prazo":null,"data_fim_prazo":null,"em_tramitacao":false,"polemica":false,"objeto":"","complementar":false,"ementa":"AUTORIZA A CONTRATA\u00c7\u00c3O ADMINISTRATIVA, TEMPOR\u00c1RIA E EMERGENCIAL.","indexacao":"COVID 19; CARGOS; T\u00c9CNICO ENFERMAGEM; DENTISTA; PACIENTES PORTADORES DE NECESSIDADES ESPECIAIS.","observacao":"","resultado":"","texto_original":"http://sapl.camarabento.rs.gov.br/media/sapl/public/materialegislativa/2021/25007/plo_2021_3.pdf","data_ultima_atualizacao":"2021-04-14T11:01:01.257795-03:00","ip":"138.36.81.238","ultima_edicao":"2021-02-03T18:36:26.602371-03:00","tipo":20,"regime_tramitacao":2,"tipo_origem_externa":null,"local_origem_externa":null,"user":67,"anexadas":[25118],"autores":[335]}