{"id":1493,"__str__":"Mensagem Retificativa n\u00ba 6 de 2012","metadata":{},"numero":6,"ano":2012,"numero_protocolo":141,"data_apresentacao":"2012-05-28","tipo_apresentacao":"E","data_publicacao":null,"numero_origem_externa":"","ano_origem_externa":null,"data_origem_externa":null,"apelido":"","dias_prazo":null,"data_fim_prazo":null,"em_tramitacao":false,"polemica":false,"objeto":"","complementar":false,"ementa":"MENSAGEM RETIFICATIVA AO PROJETO DE LEI N\u00ba 8/2012, QUE \"DISP\u00d5E SOBRE A VEDA\u00c7\u00c3O PARA OCUPAR OS CARGOS DE SECRET\u00c1RIO MUNICIPAL, COORDENADOR, DIRETOR, ASSESSOR E QUALQUER OUTRO CARGO EM COMISS\u00c3O, VISANDO PROTEGER A PROBIDADE E A MORALIDADE ADMINISTRATIVA, NO \u00c2MBITO DO PODER LEGISLATIVO E EXECUTIVO DO MUNIC\u00cdPIO DE BENTO GON\u00c7ALVES, E D\u00c1 OUTRAS PROVID\u00caNCIAS.\"","indexacao":"","observacao":"","resultado":"","texto_original":"http://sapl.camarabento.rs.gov.br/media/sapl/public/materialegislativa/2012/1493/1493_texto_integral.pdf","data_ultima_atualizacao":"2017-07-19T16:47:59.688419-03:00","ip":"","ultima_edicao":null,"tipo":4,"regime_tramitacao":2,"tipo_origem_externa":null,"local_origem_externa":null,"user":null,"anexadas":[],"autores":[3]}