{"id":12971,"__str__":"Requerimento n\u00ba 107 de 2017","metadata":{},"numero":107,"ano":2017,"numero_protocolo":211,"data_apresentacao":"2017-02-14","tipo_apresentacao":"E","data_publicacao":null,"numero_origem_externa":"","ano_origem_externa":null,"data_origem_externa":null,"apelido":"","dias_prazo":null,"data_fim_prazo":null,"em_tramitacao":false,"polemica":false,"objeto":"","complementar":false,"ementa":"O Vereador Eduardo Virissimo do partido PP, requer que est\u00e1 casa encaminhe of\u00edcio \u00e0 Secretaria de Via\u00e7\u00e3o e Mobilidade Urbana que providencie a coloca\u00e7\u00e3o de tach\u00f5es na Av.Osvaldo Aranha pr\u00f3ximo a esquina com Candel\u00e1ria.","indexacao":"","observacao":"","resultado":"","texto_original":"http://sapl.camarabento.rs.gov.br/media/sapl/public/materialegislativa/2017/12971/12971_texto_integral.pdf","data_ultima_atualizacao":"2017-07-19T16:50:18.722044-03:00","ip":"","ultima_edicao":null,"tipo":3,"regime_tramitacao":2,"tipo_origem_externa":null,"local_origem_externa":null,"user":null,"anexadas":[],"autores":[90]}