{"id":12335,"__str__":"Requerimento n\u00ba 92 de 2016","metadata":{},"numero":92,"ano":2016,"numero_protocolo":1339,"data_apresentacao":"2016-09-01","tipo_apresentacao":"E","data_publicacao":null,"numero_origem_externa":"","ano_origem_externa":null,"data_origem_externa":null,"apelido":"","dias_prazo":null,"data_fim_prazo":null,"em_tramitacao":false,"polemica":false,"objeto":"","complementar":false,"ementa":"O vereador Clemente Mieznikowski, presidente da Frente Parlamentar da Educa\u00e7\u00e3o Infantil, vem requerer que esta casa envie convite ao promotor de justi\u00e7a, Elcio Resmini Meneses, para que se fa\u00e7a presente na sess\u00e3o ordin\u00e1ria do dia 12 de setembro, afim de que possa explanar sobre a realidade da educa\u00e7\u00e3o infantil em nosso munic\u00edpio, bem como expor as formas poss\u00edveis de mobiliza\u00e7\u00e3o do Poder Legislativo com vistas a amenizar o problema da falta de vagas nas creches.","indexacao":"","observacao":"","resultado":"","texto_original":"http://sapl.camarabento.rs.gov.br/media/sapl/public/materialegislativa/2016/12335/12335_texto_integral.pdf","data_ultima_atualizacao":"2017-07-19T16:57:45.386762-03:00","ip":"","ultima_edicao":null,"tipo":3,"regime_tramitacao":2,"tipo_origem_externa":null,"local_origem_externa":null,"user":null,"anexadas":[],"autores":[66]}