{"id":28757,"__str__":"Pedido de Informa\u00e7\u00f5es n\u00ba 41 de 2023","metadata":{},"numero":41,"ano":2023,"numero_protocolo":481,"data_apresentacao":"2023-03-29","tipo_apresentacao":"","data_publicacao":null,"numero_origem_externa":"","ano_origem_externa":null,"data_origem_externa":null,"apelido":"","dias_prazo":null,"data_fim_prazo":null,"em_tramitacao":false,"polemica":false,"objeto":"","complementar":false,"ementa":"Solicita ao Prefeito Municipal e a Secretaria de Gest\u00e3o Integrada e Mobilidade Urbana se h\u00e1 previs\u00e3o para a substitui\u00e7\u00e3o das atuais l\u00e2mpadas que comp\u00f5e o sistema de ilumina\u00e7\u00e3o p\u00fablica do Distrito de Faria Lemos para as l\u00e2mpadas de led, conforme solicitado atrav\u00e9s de Indica\u00e7\u00e3o 753/2022.","indexacao":"","observacao":"","resultado":"","texto_original":"http://sapl.camarabento.rs.gov.br/media/sapl/public/materialegislativa/2023/28757/cmbgpin202300041a.pdf","data_ultima_atualizacao":"2023-04-04T09:04:36.747690-03:00","ip":"192.168.1.104","ultima_edicao":"2023-03-29T09:28:34.043712-03:00","tipo":12,"regime_tramitacao":2,"tipo_origem_externa":null,"local_origem_externa":null,"user":69,"anexadas":[],"autores":[87]}