{"id":2115,"__str__":"Indica\u00e7\u00e3o n\u00ba 347 de 2009","metadata":{},"numero":347,"ano":2009,"numero_protocolo":null,"data_apresentacao":"2009-06-30","tipo_apresentacao":"E","data_publicacao":null,"numero_origem_externa":"","ano_origem_externa":null,"data_origem_externa":null,"apelido":"","dias_prazo":null,"data_fim_prazo":null,"em_tramitacao":false,"polemica":null,"objeto":"","complementar":null,"ementa":"SOLICITA AO PODER EXECUTIVO MUNICIPAL, ATRAV\u00c9S DA SECRETARIA MUNICIPAL COMPETENTE, PARA QUE VIABILIZE REVITALIZA\u00c7\u00c3O DA PRA\u00c7A NO FINAL DA RUA EM\u00cdLIO CONCI NO BAIRRO HUMAIT\u00c1, ONDE SE FAZ NECESS\u00c1RIO SUBSTITUI\u00c7\u00c3O DOS CANTEIROS EXISTENTES NO LOCAL POR AREIA E COLOCA\u00c7\u00c3O DA MESMA EMBAIXO DOS BALAN\u00c7OS E LIMPEZA EM GERAL, QUE NECESSITA DE MELHORES CUIDADOS SEGUNDO MORADORES.","indexacao":"","observacao":"","resultado":"","texto_original":"http://sapl.camarabento.rs.gov.br/media/sapl/public/materialegislativa/2009/2115/2115_texto_integral.pdf","data_ultima_atualizacao":"2017-07-19T16:56:50.995106-03:00","ip":"","ultima_edicao":null,"tipo":8,"regime_tramitacao":2,"tipo_origem_externa":null,"local_origem_externa":null,"user":null,"anexadas":[],"autores":[6]}